{"id":308,"date":"2018-03-28T22:57:00","date_gmt":"2018-03-28T22:57:00","guid":{"rendered":"https:\/\/learningbymoving.de\/?p=308"},"modified":"2022-02-10T20:57:35","modified_gmt":"2022-02-10T20:57:35","slug":"sprache-lernen-durch-bewegung","status":"publish","type":"post","link":"https:\/\/learningbymoving.de\/index.php\/2018\/03\/28\/sprache-lernen-durch-bewegung\/","title":{"rendered":"Sprache lernen durch Bewegung"},"content":{"rendered":"\n<p class=\"has-drop-cap has-black-color has-text-color\" style=\"font-size:17px;font-style:normal;font-weight:400\">Eine Sprach-Intensivklasse am Gymnasium vorzufinden ist eine Seltenheit. Jugendliche mit Migrationshintergrund und ohne deutsche Sprachkenntnisse werden \u00fcblicherweise Real- oder Gesamtschulen zugeteilt. Am Goethe Gymnasium wurde vor\u00fcbergehend eine Intensivklasse gebildet. Mit dieser heterogenen Gruppe wurde ein achtw\u00f6chiges Tanzprojekt im Rahmen des Sportunterrichts durchgef\u00fchrt.<\/p>\n\n\n\n<p><\/p>\n\n\n\n<p class=\"has-black-color has-text-color\" style=\"font-size:17px;font-style:normal;font-weight:400\">Im Laufe des Projekts fiel die bedeutsame Rolle der Sprache als Kommunikationsmittel schnell auf. \u00c4u\u00dferst unterschiedliche Jugendliche fiel es schwer, Zugang zueinander zu finden. Ein Gef\u00fchl der Gruppenzugeh\u00f6rigkeit war nicht vorhanden.<\/p>\n\n\n\n<p><\/p>\n\n\n\n<p class=\"has-black-color has-text-color\" style=\"font-size:17px;font-style:normal;font-weight:400\">Anhand unterschiedlicher Tanzkonzepte wie beispielsweise Raum, Ebene, Gr\u00f6\u00dfe, Weg oder Richtung bekamen die Jugendliche ihren ersten Tanzstunden. Anf\u00e4nglicher Hemmungen wurden allm\u00e4hlich abgebaut. Es war besonders erfreulich, ein wachsendes Selbstbewusstsein zu beobachten. Sehr beliebt war die Tanz- Parkurs, die das Abschluss des Tanzprojekts bildete.<\/p>\n\n\n\n<div style=\"height:80px\" aria-hidden=\"true\" class=\"wp-block-spacer\"><\/div>\n","protected":false},"excerpt":{"rendered":"<p>Eine Sprach-Intensivklasse am Gymnasium vorzufinden ist eine Seltenheit. Jugendliche mit Migrationshintergrund und ohne deutsche Sprachkenntnisse werden \u00fcblicherweise Real- oder Gesamtschulen zugeteilt. Am Goethe Gymnasium wurde vor\u00fcbergehend eine Intensivklasse gebildet. Mit dieser heterogenen Gruppe wurde ein achtw\u00f6chiges Tanzprojekt im Rahmen des Sportunterrichts durchgef\u00fchrt. Im Laufe des&#8230;<\/p>\n","protected":false},"author":1,"featured_media":320,"comment_status":"open","ping_status":"open","sticky":false,"template":"","format":"standard","meta":{"footnotes":""},"categories":[10],"tags":[],"class_list":["post-308","post","type-post","status-publish","format-standard","has-post-thumbnail","hentry","category-schulprojekte"],"_links":{"self":[{"href":"https:\/\/learningbymoving.de\/index.php\/wp-json\/wp\/v2\/posts\/308","targetHints":{"allow":["GET"]}}],"collection":[{"href":"https:\/\/learningbymoving.de\/index.php\/wp-json\/wp\/v2\/posts"}],"about":[{"href":"https:\/\/learningbymoving.de\/index.php\/wp-json\/wp\/v2\/types\/post"}],"author":[{"embeddable":true,"href":"https:\/\/learningbymoving.de\/index.php\/wp-json\/wp\/v2\/users\/1"}],"replies":[{"embeddable":true,"href":"https:\/\/learningbymoving.de\/index.php\/wp-json\/wp\/v2\/comments?post=308"}],"version-history":[{"count":4,"href":"https:\/\/learningbymoving.de\/index.php\/wp-json\/wp\/v2\/posts\/308\/revisions"}],"predecessor-version":[{"id":370,"href":"https:\/\/learningbymoving.de\/index.php\/wp-json\/wp\/v2\/posts\/308\/revisions\/370"}],"wp:featuredmedia":[{"embeddable":true,"href":"https:\/\/learningbymoving.de\/index.php\/wp-json\/wp\/v2\/media\/320"}],"wp:attachment":[{"href":"https:\/\/learningbymoving.de\/index.php\/wp-json\/wp\/v2\/media?parent=308"}],"wp:term":[{"taxonomy":"category","embeddable":true,"href":"https:\/\/learningbymoving.de\/index.php\/wp-json\/wp\/v2\/categories?post=308"},{"taxonomy":"post_tag","embeddable":true,"href":"https:\/\/learningbymoving.de\/index.php\/wp-json\/wp\/v2\/tags?post=308"}],"curies":[{"name":"wp","href":"https:\/\/api.w.org\/{rel}","templated":true}]}}